{"id":117,"date":"2023-11-28T14:23:06","date_gmt":"2023-11-28T17:23:06","guid":{"rendered":"https:\/\/paulolimajunior.adv.br\/?p=117"},"modified":"2023-12-06T15:42:15","modified_gmt":"2023-12-06T18:42:15","slug":"suspensao-do-direito-de-dirigir-suspensao-da-carteira-de-motorista","status":"publish","type":"post","link":"https:\/\/paulolimajunior.adv.br\/?p=117","title":{"rendered":"Suspens\u00e3o do Direito de Dirigir, Suspens\u00e3o da Carteira de Motorista"},"content":{"rendered":"\n<h2 class=\"wp-block-heading has-text-color has-link-color wp-elements-1d67ec9b371326fa446d57092d031af4\" style=\"color:#fefefe\">Quando isso acontece? Como evitar? O que fazer? <a href=\"https:\/\/paulolimajunior.adv.br\/?p=117\" title=\"\">LER MAIS<\/a><\/h2>\n\n\n\n<p class=\"has-medium-font-size\">Poder dirigir \u00e9 essencial. Para muitas coisas. <\/p>\n\n\n\n<p><strong>O direito de dirigir \u00e9 uma conquista.<\/strong> Alcan\u00e7ada a maioridade penal (18+) e a aprova\u00e7\u00e3o nos exames. \u00c9 preciso ser alfabetizado, passar nos exames de aptid\u00e3o f\u00edsica e mental, sem falar na prova escrita de legisla\u00e7\u00e3o de tr\u00e2nsito e a prova pr\u00e1tica de dire\u00e7\u00e3o.<\/p>\n\n\n\n<p>CONTINUE LENDO.<\/p>\n\n\n\n<h2 class=\"wp-block-heading has-text-color has-link-color wp-elements-8750c3b4a1523dafcc17c23d5c89868e\" id=\"liberdade\" style=\"color:#fafafafa\"><strong>LIBERDADE<\/strong> de ir e vir quando quiser, pra onde quiser ir, e do jeito que quiser. A trabalho ou por lazer.<\/h2>\n\n\n\n<p class=\"has-medium-font-size\">AUTONOMIA para se deslocar sem depender de outros ou servi\u00e7os. N\u00e3o DEPENDER DE NINGU\u00c9M ou de lugar vago no coletivo.<\/p>\n\n\n\n<h2 class=\"wp-block-heading has-text-color has-link-color wp-elements-6c86bfa861b7996377481d3a640642e9\" id=\"Seguran\u00e7a\" style=\"color:#fafafafa\">Mas n\u00e3o \u00e9 s\u00f3 pela comodidade, a <strong>SEGURAN\u00c7A<\/strong> tamb\u00e9m \u00e9 um fator importante. Chegar ao seu destino com seguran\u00e7a e levando aqueles que voc\u00ea mais se preocupa.<\/h2>\n\n\n\n<p class=\"has-base-2-background-color has-background has-medium-font-size\"><strong>Mas o DIREITO DE DIRIGIR pode ser SUSPENSO! At\u00e9 CASSADO!<\/strong><\/p>\n\n\n\n<p>Al\u00e9m das <strong>INFRA\u00c7\u00d5ES GRAV\u00cdSSIMAS<\/strong> com previs\u00e3o expressa da suspens\u00e3o do direito de dirigir, a <strong>SOMAT\u00d3RIA DE PONTOS<\/strong> pode te levar a <strong>perder a carteira de motorista por 6 meses a 1 ano!<\/strong><\/p>\n\n\n\n<p>Sabemos que a rotina estressante, o tr\u00e2nsito das grandes cidades e as in\u00fameras regras de tr\u00e2nsito podem ocasionar um <strong>ELEVADO N\u00daMERO DE INFRA\u00c7\u00d5ES EM CURTO PER\u00cdODO<\/strong>.<\/p>\n\n\n\n<p class=\"has-background\" style=\"background-color:#05000000\">O limite de pontos na carteira abrange O<strong> PER\u00cdDO DE DOZE MESES<\/strong>, a contar da primeira infra\u00e7\u00e3o, a perda da CNH pode acontecer com as seguintes contagens de pontos (art.261, CTB) &#8211; (alterado pela <strong><a href=\"http:\/\/legislacao.planalto.gov.br\/legisla\/legislacao.nsf\/Viw_Identificacao\/lei%2013.281-2016?OpenDocument\">LEI N\u00ba 13.281, DE 4 DE MAIO DE 2016<\/a><\/strong>):<\/p>\n\n\n\n<p class=\"has-text-color has-background has-link-color has-medium-font-size wp-elements-255f25208ac9886d154f7d3ada3db7d7\" id=\"20pontos\" style=\"color:#cbc100;background-color:#000000\"><strong><mark style=\"background-color:#000100;color:#eae000\" class=\"has-inline-color\">20 (vinte) pontos, <\/mark><\/strong><mark style=\"background-color:#000100;color:#eae000\" class=\"has-inline-color\">caso constem<\/mark><strong><mark style=\"background-color:#000100;color:#eae000\" class=\"has-inline-color\"> 2 (duas) ou mais infra\u00e7\u00f5es grav\u00edssimas <\/mark><\/strong><mark style=\"background-color:#000100;color:#eae000\" class=\"has-inline-color\">na pontua\u00e7\u00e3o<\/mark><strong><mark style=\"background-color:#000100;color:#eae000\" class=\"has-inline-color\">;<\/mark><\/strong><\/p>\n\n\n\n<p class=\"has-background has-medium-font-size\" id=\"30pontos\" style=\"background-color:#080000\"><strong>30 (trinta)<\/strong> pontos, caso conste <strong>1 (uma) infra\u00e7\u00e3o grav\u00edssima<\/strong> na pontua\u00e7\u00e3o;&nbsp;<\/p>\n\n\n\n<p class=\"has-background has-medium-font-size\" id=\"40pontos\" style=\"background-color:#080000\"><strong>40 (quarenta)<\/strong> pontos, caso n\u00e3o conste <strong>nenhuma infra\u00e7\u00e3o grav\u00edssim<\/strong>a na pontua\u00e7\u00e3o;<\/p>\n\n\n\n<p class=\"has-text-color has-background has-link-color has-medium-font-size wp-elements-269a316cd16976b490affef976ce8bc8\" id=\"JUDICIARIO\" style=\"color:#ffae00;background-color:#000000\"><mark style=\"background-color:#000000;color:#fcc600\" class=\"has-inline-color\">MESMO<strong> AP\u00d3S O PRAZO PARA APRESENTA\u00c7\u00c3O DE DEFESA PR\u00c9VIA <\/strong>OU<strong> RECURSOS ADMINISTRATIVOS, <\/strong>AINDA \u00c9 POSS\u00cdVEL RECORRER AO JUDICI\u00c1RIO.<\/mark><\/p>\n\n\n\n<h2 class=\"wp-block-heading has-text-color has-link-color wp-elements-0854f82740f6099258f57a7ed5d951f1\" style=\"color:#fafafa\"><strong>PRAZO<\/strong> para apresentar a defesa pr\u00e9via \u00e9 curto e pode passar desapercebido. Assim como o prazo para apresenta\u00e7\u00e3o de recursos.<\/h2>\n\n\n\n<p class=\"has-base-2-background-color has-background\" id=\"NOTIFICA\u00c7\u00c3O\">A <strong>notifica\u00e7\u00e3o pode ser considerada v\u00e1lida<\/strong> pela autoridade de tr\u00e2nsito mesmo se for devolvida por <strong>DESATUALIZA\u00c7\u00c3O DO ENDERE\u00c7O DO PROPRIET\u00c1RIO<\/strong> ou por <strong>RECUSA DO RECEBIMENTO<\/strong>.<\/p>\n\n\n\n<p>\u00c9 preciso ficar muito atento!<\/p>\n\n\n\n<h2 class=\"wp-block-heading has-text-color has-link-color wp-elements-f8f9f800caa5e814b25a5d314220925e\" style=\"color:#fafafa\">No caso de NOTIFICA\u00c7\u00c3O POR MEIO ELETR\u00d4NICO, <strong>o propriet\u00e1rio ser\u00e1 considerado notificado<\/strong> <strong><u>30 dias<\/u><\/strong> ap\u00f3s a INCLUS\u00c3O DA INFORMA\u00c7\u00c3O NO SISTEMA E <strong>do ENVIO DA MENSAGEM<\/strong>.  <strong>Automaticamente.<\/strong><\/h2>\n\n\n\n<p class=\"has-medium-font-size\"><strong>GRANDE PARTE DOS RECURSOS ADMINISTRATIVOS CONTRA PENALIDADES APLICADAS S\u00c3O INDEFERIDOS<\/strong>.<\/p>\n\n\n\n<p>Mas n\u00e3o \u00e9 o fim da hist\u00f3ria. Siga conosco!<\/p>\n\n\n\n<p><mark style=\"background-color:var(--contrast-2);color:#fde000\" class=\"has-inline-color\"><strong>MESMO AP\u00d3S O PRAZO PARA APRESENTA\u00c7\u00c3O DE DEFESA PR\u00c9VIA OU RECURSOS ADMINISTRATIVOS, AINDA \u00c9 POSS\u00cdVEL RECORRER AO JUDICI\u00c1RIO<\/strong>.<\/mark><\/p>\n\n\n\n<h2 class=\"wp-block-heading has-text-color has-link-color wp-elements-6f772670187201806fad723640b3a103\" style=\"color:#fafafafa\"><strong>N\u00c3O FIQUE SEM CARTEIRA!<\/strong><\/h2>\n\n\n\n<h2 class=\"wp-block-heading has-text-color has-link-color wp-elements-94d35f0141e955f6c76928dbb9ec726a\" style=\"color:#fafafafa\">EVITE A SUSPENS\u00c3O DO DIREITO DE DIRIGIR!<\/h2>\n\n\n\n<p class=\"has-base-2-background-color has-background has-large-font-size\">Entre em <a href=\"https:\/\/paulolimajunior.adv.br\/?page_id=31\" title=\"contato\">contato<\/a>, partilhe seu caso conosco. <\/p>\n\n\n\n<h2 class=\"wp-block-heading has-text-color has-link-color wp-elements-058e478846a9aa1423c8facbcfdf5238\" id=\"carroscompartilhados\" style=\"color:#fafafafa\"><strong>CARROS COMPARTILHADOS<\/strong><\/h2>\n\n\n\n<p class=\"has-medium-font-size\" id=\"FAMILIA\"><strong>FAM\u00cdLIAS<\/strong><\/p>\n\n\n\n<p>Muitas <strong>FAM\u00cdLIAS COMPARTILHAM CARROS<\/strong>. V\u00e1rios motoristas usam o mesmo ve\u00edculo. MAS O REGISTRO DO VE\u00cdCULO S\u00d3 INDICA UM CONDUTOR PRINCIPAL. E por isso as multas e notifica\u00e7\u00f5es s\u00e3o direcionadas para uma s\u00f3 habilita\u00e7\u00e3o. <\/p>\n\n\n\n<p> O requerimento para indica\u00e7\u00e3o do condutor \u00e9 bastante simples e pode ser preenchido na pr\u00f3pria folha da notifica\u00e7\u00e3o, mas O PRAZO \u00c9 CURTO, e as pessoas DEIXAM PARA \u00daLTIMA HORA. <\/p>\n\n\n\n<p class=\"has-large-font-size\"><strong><a href=\"https:\/\/paulolimajunior.adv.br\/?page_id=31\" title=\"\">Podemos ajudar<\/a><\/strong>.<\/p>\n\n\n\n<p class=\"has-medium-font-size\" id=\"FROTAALUGUEL\"><strong>CARROS DE EMPRESAS &#8211; FROTAS &#8211; ALUGUEL PARTICULAR<\/strong><\/p>\n\n\n\n<p>Um carro ou utilit\u00e1rio pode ser uma fonte de renda ou um recurso para o seu neg\u00f3cio. A <strong>empresa (pessoa jur\u00eddica) n\u00e3o \u00e9 obrigada a indicar o condutor (e n\u00e3o recebe a pontua\u00e7\u00e3o) <\/strong>mas se n\u00e3o o fizer, vai ser autuada novamente e <strong>pagar\u00e1 a multa em dobro!<\/strong> (<a href=\"https:\/\/www.planalto.gov.br\/ccivil_03\/leis\/l9503compilado.htm\" target=\"_blank\" rel=\"noopener\" title=\"\">art.257 \u00a78<sub><sup>o<\/sup><\/sub> do C\u00f3digo de Tr\u00e2nsito<\/a>). <\/p>\n\n\n\n<p>Se voc\u00ea aluga um ve\u00edculo para outra pessoa, para uso comercial ou particular, FICA RESPONS\u00c1VEL PELAS INFRA\u00c7\u00d5ES RELATIVAS A ATOS PRATICADOS NA CONDU\u00c7\u00c3O, al\u00e9m daqueles DE RESPONSABILIDADE DO PROPRIET\u00c1RIO. <\/p>\n\n\n\n<p class=\"has-large-font-size\"><a href=\"https:\/\/paulolimajunior.adv.br\/?page_id=31\" target=\"_blank\" rel=\"noopener\" title=\"\"><strong>SAIBA MAIS, NOS PERGUNTE!<\/strong><\/a><\/p>\n\n\n\n<h2 class=\"wp-block-heading has-text-color has-link-color wp-elements-dcb3e3fafe826d828e16fbb2d1ff0c23\" style=\"color:#fafafafa\"><strong>QUE TIPO DE INFRA\u00c7\u00c3O PODE TER O CONDUTOR INDICADO?<\/strong><\/h2>\n\n\n\n<p>Todas as infra\u00e7\u00f5es de tr\u00e2nsito que correspondem a <strong>ATOS PRATICADOS PELO CONDUTOR<\/strong> (<a href=\"https:\/\/www.planalto.gov.br\/ccivil_03\/leis\/l9503compilado.htm\" target=\"_blank\" rel=\"noopener\" title=\"\">art.257 \u00a73<sup>o<\/sup> CTB<\/a>), ou seja, aquelas que s\u00e3o  <strong>CAUSADAS PELAS ATITUDES DO MOTORISTA<\/strong>, <strong>quando ele n\u00e3o for o propriet\u00e1rio do ve\u00edculo<\/strong>.<\/p>\n\n\n\n<p>A indica\u00e7\u00e3o n\u00e3o pode ser feita nos casos de: &#8220;<em>art.257 \u00a7 2\u00ba Ao propriet\u00e1rio caber\u00e1 sempre a responsabilidade pela infra\u00e7\u00e3o referente \u00e0 pr\u00e9via regulariza\u00e7\u00e3o e preenchimento das formalidades e condi\u00e7\u00f5es exigidas para o tr\u00e2nsito do ve\u00edculo na via terrestre, conserva\u00e7\u00e3o e inalterabilidade de suas caracter\u00edsticas, componentes, agregados, habilita\u00e7\u00e3o legal e compat\u00edvel de seus condutores, quando esta for exigida, e outras disposi\u00e7\u00f5es que deva observar.<\/em>&#8220;<\/p>\n","protected":false},"excerpt":{"rendered":"<p>Evite a Suspens\u00e3o do Direito de Dirigir, Perda da CNH, por excesso pontos. Defesa pr\u00e9via e recursos. Administrativos e Judiciais. Mesmo ap\u00f3s o prazo do Detran. <\/p>\n","protected":false},"author":1,"featured_media":129,"comment_status":"open","ping_status":"open","sticky":false,"template":"","format":"standard","meta":{"_monsterinsights_skip_tracking":false,"_monsterinsights_sitenote_active":false,"_monsterinsights_sitenote_note":"","_monsterinsights_sitenote_category":0,"_uf_show_specific_survey":0,"_uf_disable_surveys":false,"footnotes":""},"categories":[1],"tags":[],"aioseo_notices":[],"_links":{"self":[{"href":"https:\/\/paulolimajunior.adv.br\/index.php?rest_route=\/wp\/v2\/posts\/117"}],"collection":[{"href":"https:\/\/paulolimajunior.adv.br\/index.php?rest_route=\/wp\/v2\/posts"}],"about":[{"href":"https:\/\/paulolimajunior.adv.br\/index.php?rest_route=\/wp\/v2\/types\/post"}],"author":[{"embeddable":true,"href":"https:\/\/paulolimajunior.adv.br\/index.php?rest_route=\/wp\/v2\/users\/1"}],"replies":[{"embeddable":true,"href":"https:\/\/paulolimajunior.adv.br\/index.php?rest_route=%2Fwp%2Fv2%2Fcomments&post=117"}],"version-history":[{"count":20,"href":"https:\/\/paulolimajunior.adv.br\/index.php?rest_route=\/wp\/v2\/posts\/117\/revisions"}],"predecessor-version":[{"id":153,"href":"https:\/\/paulolimajunior.adv.br\/index.php?rest_route=\/wp\/v2\/posts\/117\/revisions\/153"}],"wp:featuredmedia":[{"embeddable":true,"href":"https:\/\/paulolimajunior.adv.br\/index.php?rest_route=\/wp\/v2\/media\/129"}],"wp:attachment":[{"href":"https:\/\/paulolimajunior.adv.br\/index.php?rest_route=%2Fwp%2Fv2%2Fmedia&parent=117"}],"wp:term":[{"taxonomy":"category","embeddable":true,"href":"https:\/\/paulolimajunior.adv.br\/index.php?rest_route=%2Fwp%2Fv2%2Fcategories&post=117"},{"taxonomy":"post_tag","embeddable":true,"href":"https:\/\/paulolimajunior.adv.br\/index.php?rest_route=%2Fwp%2Fv2%2Ftags&post=117"}],"curies":[{"name":"wp","href":"https:\/\/api.w.org\/{rel}","templated":true}]}}