{"id":180,"date":"2025-02-27T14:28:48","date_gmt":"2025-02-27T17:28:48","guid":{"rendered":"https:\/\/paulolimajunior.adv.br\/?p=180"},"modified":"2025-02-27T15:01:11","modified_gmt":"2025-02-27T18:01:11","slug":"direito-imobiliario","status":"publish","type":"post","link":"https:\/\/paulolimajunior.adv.br\/?p=180","title":{"rendered":"DIREITO IMOBILI\u00c1RIO"},"content":{"rendered":"\n<p>No&nbsp;<strong>ramo do Direito Imobili\u00e1rio<\/strong>, al\u00e9m das a\u00e7\u00f5es tradicionais de usucapi\u00e3o e&nbsp; reintegra\u00e7\u00e3o\/manuten\u00e7\u00e3o de posse, existem outras possibilidades para regularizar contratos de neg\u00f3cios n\u00e3o registrados (sem escritura p\u00fablica no cart\u00f3rio) at\u00e9 pela via extrajudicial. Ali\u00e1s,&nbsp; via extrajudicial (cart\u00f3rios e contratos) \u00e9 muito forte e pr\u00e1tica atualmente, agiliza os neg\u00f3cios.&nbsp;<\/p>\n\n\n\n<p>Neste ramo a possibilidade de assessoria (consultoria) \u00e9 muito importante. A ajuda na elabora\u00e7\u00e3o e execu\u00e7\u00e3o de contratos de compra e venda de im\u00f3veis (pesquisas de documentos, t\u00edtulos, poss\u00edveis restri\u00e7\u00f5es, processos envolvendo os im\u00f3veis e pessoas s\u00e3o muito importantes para garantir a seguran\u00e7a do neg\u00f3cio.<\/p>\n\n\n\n<figure class=\"wp-block-image size-full\"><img loading=\"lazy\" decoding=\"async\" width=\"1024\" height=\"1024\" src=\"https:\/\/paulolimajunior.adv.br\/wp-content\/uploads\/2025\/02\/mesa_com_papeis.jpg\" alt=\"\" class=\"wp-image-181\" srcset=\"https:\/\/paulolimajunior.adv.br\/wp-content\/uploads\/2025\/02\/mesa_com_papeis.jpg 1024w, https:\/\/paulolimajunior.adv.br\/wp-content\/uploads\/2025\/02\/mesa_com_papeis-300x300.jpg 300w, https:\/\/paulolimajunior.adv.br\/wp-content\/uploads\/2025\/02\/mesa_com_papeis-150x150.jpg 150w, https:\/\/paulolimajunior.adv.br\/wp-content\/uploads\/2025\/02\/mesa_com_papeis-768x768.jpg 768w\" sizes=\"(max-width: 1024px) 100vw, 1024px\" \/><\/figure>\n\n\n\n<p><strong>CEN\u00c1RIO GERAL<\/strong><\/p>\n\n\n\n<p>\u00c9 muito comum que im\u00f3veis, principalmente os mais antigos, tenham dificuldades com os documentos. Registros antigos, com informa\u00e7\u00f5es faltantes ou que deixaram de registrar neg\u00f3cios realizados por ocupantes mais recentes. Por vezes os documentos est\u00e3o em padr\u00f5es antigos que n\u00e3o atendem as regula\u00e7\u00f5es atuais e mesmo estando legais, precisam de atualiza\u00e7\u00f5es para poderem ser transferidos.&nbsp;<\/p>\n\n\n\n<p>Por outro lado \u00e9 muito comum no Brasil a ocorr\u00eancia de &#8220;contratos de gaveta&#8221;, neg\u00f3cios imobili\u00e1rios que ocorreram entre os contratantes mas que nunca foram registrados oficialmente e por isso n\u00e3o geraram os efeitos junto aos \u00f3rg\u00e3os p\u00fablicos.<\/p>\n\n\n\n<p>E como se diz popularmente: Quem n\u00e3o registra, n\u00e3o \u00e9 dono!<\/p>\n\n\n\n<figure class=\"wp-block-image size-full\"><img loading=\"lazy\" decoding=\"async\" width=\"800\" height=\"600\" src=\"https:\/\/paulolimajunior.adv.br\/wp-content\/uploads\/2025\/02\/CENA_IMOVEL_FAMILIA.png\" alt=\"\" class=\"wp-image-182\" srcset=\"https:\/\/paulolimajunior.adv.br\/wp-content\/uploads\/2025\/02\/CENA_IMOVEL_FAMILIA.png 800w, https:\/\/paulolimajunior.adv.br\/wp-content\/uploads\/2025\/02\/CENA_IMOVEL_FAMILIA-300x225.png 300w, https:\/\/paulolimajunior.adv.br\/wp-content\/uploads\/2025\/02\/CENA_IMOVEL_FAMILIA-768x576.png 768w\" sizes=\"(max-width: 800px) 100vw, 800px\" \/><\/figure>\n\n\n\n<p><strong>REGULARIZA\u00c7\u00c3O IMOBILI\u00c1RIA<\/strong><\/p>\n\n\n\n<p>\u00c9 muito comum que im\u00f3veis, principalmente os mais antigos, tenham dificuldades com os documentos. Registros antigos, com informa\u00e7\u00f5es faltantes ou que deixaram de registrar neg\u00f3cios realizados por ocupantes mais recentes. Por vezes os documentos est\u00e3o em padr\u00f5es antigos que n\u00e3o atendem as regula\u00e7\u00f5es atuais e mesmo estando legais, precisam de atualiza\u00e7\u00f5es para poderem ser transferidos.&nbsp;<\/p>\n\n\n\n<p>Por outro lado \u00e9 muito comum no Brasil a ocorr\u00eancia de &#8220;contratos de gaveta&#8221;, neg\u00f3cios imobili\u00e1rios que ocorreram entre os contratantes mas que nunca foram registrados oficialmente e por isso n\u00e3o geraram os efeitos junto aos \u00f3rg\u00e3os p\u00fablicos.<\/p>\n\n\n\n<p><strong>E como se diz popularmente: Quem n\u00e3o registra, n\u00e3o \u00e9 dono!<\/strong><\/p>\n\n\n\n<p>Vamos compreender a real situa\u00e7\u00e3o do(s) bem(s) e avaliar as possibilidades de regulariza\u00e7\u00e3o mais interessantes, vi\u00e1veis e com o melhor custo benef\u00edcio para cada caso.<\/p>\n\n\n\n<p>Sejam situa\u00e7\u00f5es onde o problema \u00e9 falta de documentos, disputas familiares, d\u00e9bitos fiscais ou outros, entre em contato para estudarmos as poss\u00edveis solu\u00e7\u00f5es.&nbsp;<\/p>\n\n\n\n<figure class=\"wp-block-image size-full\"><img loading=\"lazy\" decoding=\"async\" width=\"1024\" height=\"1024\" src=\"https:\/\/paulolimajunior.adv.br\/wp-content\/uploads\/2025\/02\/mesa_com_papeis2.jpg\" alt=\"\" class=\"wp-image-183\" srcset=\"https:\/\/paulolimajunior.adv.br\/wp-content\/uploads\/2025\/02\/mesa_com_papeis2.jpg 1024w, https:\/\/paulolimajunior.adv.br\/wp-content\/uploads\/2025\/02\/mesa_com_papeis2-300x300.jpg 300w, https:\/\/paulolimajunior.adv.br\/wp-content\/uploads\/2025\/02\/mesa_com_papeis2-150x150.jpg 150w, https:\/\/paulolimajunior.adv.br\/wp-content\/uploads\/2025\/02\/mesa_com_papeis2-768x768.jpg 768w\" sizes=\"(max-width: 1024px) 100vw, 1024px\" \/><\/figure>\n\n\n\n<p><\/p>\n\n\n\n<p><strong>N\u00c3O FA\u00c7A NEG\u00d3CIOS SEM PESQUISAR MUITO BEM TODOS OS ENVOLVIDOS &#8211; BENS E PESSOAS &#8211; CONSULTE AJUDA PROFISSIONAL QUALIFICADA<\/strong><\/p>\n\n\n\n<p>Infelizmente \u00e9 comum que pessoas tenham surpresas extremamente desagrad\u00e1veis em rela\u00e7\u00e3o a bens que adquirem sem fazer pesquisas adequadas. Descobrir que o bem est\u00e1 gravado com restri\u00e7\u00f5es como penhoras, bloqueios ou at\u00e9 mesmo programado para ir a leil\u00e3o. Neg\u00f3cios podem ser anulados e bens perdidos.<\/p>\n","protected":false},"excerpt":{"rendered":"<p>No&nbsp;ramo do Direito Imobili\u00e1rio, al\u00e9m das a\u00e7\u00f5es tradicionais de usucapi\u00e3o e&nbsp; reintegra\u00e7\u00e3o\/manuten\u00e7\u00e3o de posse, existem outras possibilidades para regularizar contratos de neg\u00f3cios n\u00e3o registrados (sem escritura p\u00fablica no cart\u00f3rio) at\u00e9 pela via extrajudicial. Ali\u00e1s,&nbsp; via extrajudicial (cart\u00f3rios e contratos) \u00e9 muito forte e pr\u00e1tica atualmente, agiliza os neg\u00f3cios.&nbsp; Neste ramo a possibilidade de assessoria (consultoria) &#8230; <a title=\"DIREITO IMOBILI\u00c1RIO\" class=\"read-more\" href=\"https:\/\/paulolimajunior.adv.br\/?p=180\" aria-label=\"More on DIREITO IMOBILI\u00c1RIO\">Read more<\/a><\/p>\n","protected":false},"author":1,"featured_media":0,"comment_status":"open","ping_status":"open","sticky":false,"template":"","format":"standard","meta":{"_monsterinsights_skip_tracking":false,"_monsterinsights_sitenote_active":false,"_monsterinsights_sitenote_note":"","_monsterinsights_sitenote_category":0,"_uf_show_specific_survey":0,"_uf_disable_surveys":false,"footnotes":""},"categories":[1],"tags":[],"aioseo_notices":[],"_links":{"self":[{"href":"https:\/\/paulolimajunior.adv.br\/index.php?rest_route=\/wp\/v2\/posts\/180"}],"collection":[{"href":"https:\/\/paulolimajunior.adv.br\/index.php?rest_route=\/wp\/v2\/posts"}],"about":[{"href":"https:\/\/paulolimajunior.adv.br\/index.php?rest_route=\/wp\/v2\/types\/post"}],"author":[{"embeddable":true,"href":"https:\/\/paulolimajunior.adv.br\/index.php?rest_route=\/wp\/v2\/users\/1"}],"replies":[{"embeddable":true,"href":"https:\/\/paulolimajunior.adv.br\/index.php?rest_route=%2Fwp%2Fv2%2Fcomments&post=180"}],"version-history":[{"count":2,"href":"https:\/\/paulolimajunior.adv.br\/index.php?rest_route=\/wp\/v2\/posts\/180\/revisions"}],"predecessor-version":[{"id":198,"href":"https:\/\/paulolimajunior.adv.br\/index.php?rest_route=\/wp\/v2\/posts\/180\/revisions\/198"}],"wp:attachment":[{"href":"https:\/\/paulolimajunior.adv.br\/index.php?rest_route=%2Fwp%2Fv2%2Fmedia&parent=180"}],"wp:term":[{"taxonomy":"category","embeddable":true,"href":"https:\/\/paulolimajunior.adv.br\/index.php?rest_route=%2Fwp%2Fv2%2Fcategories&post=180"},{"taxonomy":"post_tag","embeddable":true,"href":"https:\/\/paulolimajunior.adv.br\/index.php?rest_route=%2Fwp%2Fv2%2Ftags&post=180"}],"curies":[{"name":"wp","href":"https:\/\/api.w.org\/{rel}","templated":true}]}}