{"id":190,"date":"2025-02-27T14:42:59","date_gmt":"2025-02-27T17:42:59","guid":{"rendered":"https:\/\/paulolimajunior.adv.br\/?p=190"},"modified":"2025-02-27T14:43:00","modified_gmt":"2025-02-27T17:43:00","slug":"direito-das-familias","status":"publish","type":"post","link":"https:\/\/paulolimajunior.adv.br\/?p=190","title":{"rendered":"DIREITO DAS FAM\u00cdLIAS"},"content":{"rendered":"\n<p><strong>RELA\u00c7\u00d5ES AFETIVAS E PATRIMONIAIS &#8211; SUCESS\u00c3O &#8211; CONVIV\u00caNCIA<\/strong><\/p>\n\n\n\n<p>O\u00a0Direito de Fam\u00edlia cuida das rela\u00e7\u00f5es civis estabelecidas entre membros da fam\u00edlia. Sejam eles relacionados por sangue (ascendentes, descendentes ou colaterais) ou por rela\u00e7\u00f5es afetivas.\u00a0<\/p>\n\n\n<div class=\"wp-block-image\">\n<figure class=\"alignleft size-full is-resized\"><img loading=\"lazy\" decoding=\"async\" width=\"1024\" height=\"1024\" src=\"https:\/\/paulolimajunior.adv.br\/wp-content\/uploads\/2025\/02\/CENA_IMOVEL_FAMILIA2.jpg\" alt=\"\" class=\"wp-image-191\" style=\"width:357px;height:auto\" srcset=\"https:\/\/paulolimajunior.adv.br\/wp-content\/uploads\/2025\/02\/CENA_IMOVEL_FAMILIA2.jpg 1024w, https:\/\/paulolimajunior.adv.br\/wp-content\/uploads\/2025\/02\/CENA_IMOVEL_FAMILIA2-300x300.jpg 300w, https:\/\/paulolimajunior.adv.br\/wp-content\/uploads\/2025\/02\/CENA_IMOVEL_FAMILIA2-150x150.jpg 150w, https:\/\/paulolimajunior.adv.br\/wp-content\/uploads\/2025\/02\/CENA_IMOVEL_FAMILIA2-768x768.jpg 768w\" sizes=\"(max-width: 1024px) 100vw, 1024px\" \/><\/figure><\/div>\n\n\n<p>S\u00e3o rela\u00e7\u00f5es que envolvem quest\u00f5es civis, patrimoniais comuns, mas que envolvem grandes sentimentos e outros valores muito importantes de serem protegidos.<\/p>\n\n\n\n<p>As crian\u00e7as e adolescentes s\u00e3o considerados sujeitos de direitos especiais pelo regulamento brasileiro e merecem prote\u00e7\u00e3o especial. Dever dos pais e da sociedade em geral, atribu\u00eddo ao Estado, seja ele exercido atrav\u00e9s da Educa\u00e7\u00e3o, da Sa\u00fade, da Seguran\u00e7a ou da vigil\u00e2ncia do Minist\u00e9rio P\u00fablico.<\/p>\n\n\n\n<p>O fim dos relacionamentos deve observar a preserva\u00e7\u00e3o dos direitos das crian\u00e7as e dos deveres dos genitores em rela\u00e7\u00e3o a eles. O conflito entre os adultos n\u00e3o pode se tornar uma desculpa para alienar, castigar ou ignor\u00e1-los.&nbsp;<\/p>\n\n\n\n<p>Mesmo assim, os direitos dos ex-c\u00f4njuges tamb\u00e9m devem ser observados e mantidos de forma que todos preservem a sua dignidade e bem estar.&nbsp;<\/p>\n\n\n\n<p>A Justi\u00e7a est\u00e1 dispon\u00edvel para ajudar a atingir o equil\u00edbrio.<\/p>\n\n\n<div class=\"wp-block-image\">\n<figure class=\"alignright size-full is-resized\"><img loading=\"lazy\" decoding=\"async\" width=\"1024\" height=\"1024\" src=\"https:\/\/paulolimajunior.adv.br\/wp-content\/uploads\/2025\/02\/0dadba1e-a3e2-47d6-a983-9318fefd278d.jpeg\" alt=\"\" class=\"wp-image-192\" style=\"width:401px;height:auto\" srcset=\"https:\/\/paulolimajunior.adv.br\/wp-content\/uploads\/2025\/02\/0dadba1e-a3e2-47d6-a983-9318fefd278d.jpeg 1024w, https:\/\/paulolimajunior.adv.br\/wp-content\/uploads\/2025\/02\/0dadba1e-a3e2-47d6-a983-9318fefd278d-300x300.jpeg 300w, https:\/\/paulolimajunior.adv.br\/wp-content\/uploads\/2025\/02\/0dadba1e-a3e2-47d6-a983-9318fefd278d-150x150.jpeg 150w, https:\/\/paulolimajunior.adv.br\/wp-content\/uploads\/2025\/02\/0dadba1e-a3e2-47d6-a983-9318fefd278d-768x768.jpeg 768w\" sizes=\"(max-width: 1024px) 100vw, 1024px\" \/><\/figure><\/div>\n\n\n<p>A conviv\u00eancia deve ser preservada em prol das crian\u00e7as e adolescentes. Faz bem para eles, no afeto e educa\u00e7\u00e3o, d\u00e1 seguran\u00e7a e ajuda a desenvolver suas habilidade sociais e aptid\u00f5es.<\/p>\n\n\n\n<p>Da mesma forma, os adultos precisam estabelecer rotinas e priorizar a sua agenda de contato com os filhos.&nbsp;<\/p>\n\n\n\n<p>Esses acordos devem ser feitos com comprometimento, mas isso n\u00e3o significa que n\u00e3o podem ser revistos caso a rotina dos envolvidos exija.&nbsp;<\/p>\n","protected":false},"excerpt":{"rendered":"<p>RELA\u00c7\u00d5ES AFETIVAS E PATRIMONIAIS &#8211; SUCESS\u00c3O &#8211; CONVIV\u00caNCIA O\u00a0Direito de Fam\u00edlia cuida das rela\u00e7\u00f5es civis estabelecidas entre membros da fam\u00edlia. Sejam eles relacionados por sangue (ascendentes, descendentes ou colaterais) ou por rela\u00e7\u00f5es afetivas.\u00a0 S\u00e3o rela\u00e7\u00f5es que envolvem quest\u00f5es civis, patrimoniais comuns, mas que envolvem grandes sentimentos e outros valores muito importantes de serem protegidos. As &#8230; <a title=\"DIREITO DAS FAM\u00cdLIAS\" class=\"read-more\" href=\"https:\/\/paulolimajunior.adv.br\/?p=190\" aria-label=\"More on DIREITO DAS FAM\u00cdLIAS\">Read more<\/a><\/p>\n","protected":false},"author":1,"featured_media":0,"comment_status":"open","ping_status":"open","sticky":false,"template":"","format":"standard","meta":{"_monsterinsights_skip_tracking":false,"_monsterinsights_sitenote_active":false,"_monsterinsights_sitenote_note":"","_monsterinsights_sitenote_category":0,"_uf_show_specific_survey":0,"_uf_disable_surveys":false,"footnotes":""},"categories":[1],"tags":[],"aioseo_notices":[],"_links":{"self":[{"href":"https:\/\/paulolimajunior.adv.br\/index.php?rest_route=\/wp\/v2\/posts\/190"}],"collection":[{"href":"https:\/\/paulolimajunior.adv.br\/index.php?rest_route=\/wp\/v2\/posts"}],"about":[{"href":"https:\/\/paulolimajunior.adv.br\/index.php?rest_route=\/wp\/v2\/types\/post"}],"author":[{"embeddable":true,"href":"https:\/\/paulolimajunior.adv.br\/index.php?rest_route=\/wp\/v2\/users\/1"}],"replies":[{"embeddable":true,"href":"https:\/\/paulolimajunior.adv.br\/index.php?rest_route=%2Fwp%2Fv2%2Fcomments&post=190"}],"version-history":[{"count":1,"href":"https:\/\/paulolimajunior.adv.br\/index.php?rest_route=\/wp\/v2\/posts\/190\/revisions"}],"predecessor-version":[{"id":193,"href":"https:\/\/paulolimajunior.adv.br\/index.php?rest_route=\/wp\/v2\/posts\/190\/revisions\/193"}],"wp:attachment":[{"href":"https:\/\/paulolimajunior.adv.br\/index.php?rest_route=%2Fwp%2Fv2%2Fmedia&parent=190"}],"wp:term":[{"taxonomy":"category","embeddable":true,"href":"https:\/\/paulolimajunior.adv.br\/index.php?rest_route=%2Fwp%2Fv2%2Fcategories&post=190"},{"taxonomy":"post_tag","embeddable":true,"href":"https:\/\/paulolimajunior.adv.br\/index.php?rest_route=%2Fwp%2Fv2%2Ftags&post=190"}],"curies":[{"name":"wp","href":"https:\/\/api.w.org\/{rel}","templated":true}]}}